{"id":180,"__str__":"Autoria: Carlos E. de Mello-Nan\u00e1 - Indica\u00e7\u00e3o n\u00ba 29 de 2012","link_detail_backend":"/materia/autoria/180","metadata":{},"primeiro_autor":true,"autor":8,"materia":175}