{"id":4372,"__str__":"Relat\u00f3rio - Relat\u00f3rio de Reuni\u00e3o de 09/03/2017 por Ver. Cristiano Braatz","link_detail_backend":"/materia/documentoacessorio/4372","metadata":{},"nome":"Relat\u00f3rio de Reuni\u00e3o","data":"2017-03-09","autor":"Ver. Cristiano Braatz","ementa":"","indexacao":"","arquivo":"http://sapl.montenegro.rs.leg.br/media/sapl/public/documentoacessorio/2017/4372/4372.pdf","data_ultima_atualizacao":"2018-08-20T14:04:50.115213-03:00","materia":6464,"tipo":21}