{"id":4393,"__str__":"Relat\u00f3rio - Relat\u00f3rio de Reuni\u00e3o de 27/03/2017 por Ver. Cristiano Braatz","link_detail_backend":"/materia/documentoacessorio/4393","metadata":{},"nome":"Relat\u00f3rio de Reuni\u00e3o","data":"2017-03-27","autor":"Ver. Cristiano Braatz","ementa":"","indexacao":"","arquivo":"http://sapl.montenegro.rs.leg.br/media/sapl/public/documentoacessorio/2017/4393/4393.pdf","data_ultima_atualizacao":"2018-08-20T14:04:46.879425-03:00","materia":6647,"tipo":21}