{"id":10663,"__str__":"Pedido de Informa\u00e7\u00e3o n\u00ba 23 de 2019","link_detail_backend":"/materia/10663","metadata":{},"numero":23,"ano":2019,"numero_protocolo":null,"data_apresentacao":"2019-04-04","tipo_apresentacao":"","data_publicacao":null,"numero_origem_externa":"","ano_origem_externa":null,"data_origem_externa":null,"apelido":"","dias_prazo":null,"data_fim_prazo":null,"em_tramitacao":false,"polemica":null,"objeto":"","complementar":null,"ementa":"Referente a todos ve\u00edculos e m\u00e1quinas da administra\u00e7\u00e3o municipal questiona-se:\r\n1) Quanto j\u00e1 foi gasto na compra de pe\u00e7as e manuten\u00e7\u00e3o das m\u00e1quinas e nos ve\u00edculos da frota;\r\n2) Apresentar planilha onde mostra quando foi o gasto com pe\u00e7as, separadamente para cada ve\u00edculo e m\u00e1quina entre os meses de janeiro de 2018 e mar\u00e7o de 2019.\r\n3) Se foi feito a contrata\u00e7\u00e3o de servi\u00e7o terceirizado especificar atrav\u00e9s da placa e identificar todos ve\u00edculos que tiveram despesa de manuten\u00e7\u00e3o, comprovando as mesmas atrav\u00e9s de notas fiscais.\r\n4) O que \u00e9 feito das pe\u00e7as retiradas dos ve\u00edculos e m\u00e1quinas? Aonde s\u00e3o guardadas?\r\n5) Apresentar as tabelas mensais preenchidas pelos operadores de m\u00e1quinas e ve\u00edculos que est\u00e3o em uso a partir de janeiro de 2018 at\u00e9 mar\u00e7o de 2019.","indexacao":"Informa\u00e7\u00f5es - Frota - Pe\u00e7as - Manuten\u00e7\u00e3o","observacao":"","resultado":"","texto_original":"http://sapl.montenegro.rs.leg.br/media/sapl/public/materialegislativa/2019/10663/pi_23.pdf","data_ultima_atualizacao":"2019-05-07T08:42:31.477440-03:00","ip":"","ultima_edicao":null,"tipo":10,"regime_tramitacao":1,"tipo_origem_externa":null,"local_origem_externa":null,"user":null,"anexadas":[],"autores":[45,50]}