{"id":10920,"__str__":"Indica\u00e7\u00e3o n\u00ba 25 de 2019","link_detail_backend":"/materia/10920","metadata":{},"numero":25,"ano":2019,"numero_protocolo":null,"data_apresentacao":"2019-05-09","tipo_apresentacao":"","data_publicacao":null,"numero_origem_externa":"","ano_origem_externa":null,"data_origem_externa":null,"apelido":"","dias_prazo":null,"data_fim_prazo":null,"em_tramitacao":false,"polemica":null,"objeto":"","complementar":null,"ementa":"Que a Administra\u00e7\u00e3o Municipal atrav\u00e9s da Secretaria respons\u00e1vel, realize atrav\u00e9s da Guarda Municipal a fiscaliza\u00e7\u00e3o, colabora\u00e7\u00e3o e orienta\u00e7\u00e3o na travessia de pedestres e preferencialmente de crian\u00e7as no trecho da RSC 287, no acesso ao Bairro Panorama, nos seguintes hor\u00e1rios: 7h, 12h, 13h e 17h de segunda a sexta-feira.","indexacao":"Indica\u00e7\u00e3o - Seguran\u00e7a - Rodovia - Panorama","observacao":"","resultado":"","texto_original":"http://sapl.montenegro.rs.leg.br/media/sapl/public/materialegislativa/2019/10920/ind_25.pdf","data_ultima_atualizacao":"2019-05-10T08:19:04.810312-03:00","ip":"","ultima_edicao":null,"tipo":8,"regime_tramitacao":1,"tipo_origem_externa":null,"local_origem_externa":null,"user":null,"anexadas":[],"autores":[51,46,47,48,50]}