{"id":11721,"__str__":"Requerimento n\u00ba 208 de 2019","link_detail_backend":"/materia/11721","metadata":{},"numero":208,"ano":2019,"numero_protocolo":null,"data_apresentacao":"2019-09-26","tipo_apresentacao":"","data_publicacao":null,"numero_origem_externa":"","ano_origem_externa":null,"data_origem_externa":null,"apelido":"","dias_prazo":null,"data_fim_prazo":null,"em_tramitacao":false,"polemica":null,"objeto":"","complementar":null,"ementa":"Voto de Congratula\u00e7\u00f5es aos alunos das turmas 111, 112, 113, 211 e 212, do primeiro ano do ensino m\u00e9dio da Escola Estadual T\u00e9cnica S\u00e3o Jo\u00e3o Batista, que nos dias 23 e 25 de setembro, sa\u00edram as ruas com um projeto extremamente importante a toda a comunidade: \"Neste setembro amarelo, vamos \u00e0s ruas\".","indexacao":"Voto - Congratula\u00e7\u00f5es - Alunos - Escola","observacao":"","resultado":"","texto_original":"http://sapl.montenegro.rs.leg.br/media/sapl/public/materialegislativa/2019/11721/req_0208.pdf","data_ultima_atualizacao":"2020-01-08T12:49:50.787879-03:00","ip":"201.76.124.2","ultima_edicao":null,"tipo":3,"regime_tramitacao":1,"tipo_origem_externa":null,"local_origem_externa":null,"user":49,"anexadas":[],"autores":[49]}