{"id":15098,"__str__":"Indica\u00e7\u00e3o n\u00ba 331 de 2021","link_detail_backend":"/materia/15098","metadata":{},"numero":331,"ano":2021,"numero_protocolo":null,"data_apresentacao":"2021-08-26","tipo_apresentacao":"E","data_publicacao":null,"numero_origem_externa":"","ano_origem_externa":null,"data_origem_externa":null,"apelido":"","dias_prazo":null,"data_fim_prazo":null,"em_tramitacao":false,"polemica":false,"objeto":"Parque Centen\u00e1rio","complementar":false,"ementa":"Avaliar a possibilidade de firmar uma parceria p\u00fablico-privada para reabrir o restaurante do Parque Centen\u00e1rio, local que vem sendo muito explorado pelos montenegrinos, principalmente nos finais de semana.","indexacao":"Parque Centen\u00e1rio - lazer - gastronomia - restaurante","observacao":"","resultado":"","texto_original":"http://sapl.montenegro.rs.leg.br/media/sapl/public/materialegislativa/2021/15098/i_0331.pdf","data_ultima_atualizacao":"2021-09-01T14:49:37.122316-03:00","ip":"201.76.124.2","ultima_edicao":"2021-08-26T14:14:40.283967-03:00","tipo":8,"regime_tramitacao":1,"tipo_origem_externa":null,"local_origem_externa":null,"user":39,"anexadas":[],"autores":[65]}