{"id":15482,"__str__":"Requerimento n\u00ba 188 de 2021","link_detail_backend":"/materia/15482","metadata":{},"numero":188,"ano":2021,"numero_protocolo":null,"data_apresentacao":"2021-11-04","tipo_apresentacao":"E","data_publicacao":null,"numero_origem_externa":"","ano_origem_externa":null,"data_origem_externa":null,"apelido":"","dias_prazo":null,"data_fim_prazo":null,"em_tramitacao":false,"polemica":false,"objeto":"Sess\u00e3o Solene","complementar":false,"ementa":"Sess\u00e3o Solene em homenagem aos 105 anos da Sociedade Floresta Montenegrina.","indexacao":"sess\u00e3o solene - homenagens - comemora\u00e7\u00f5es","observacao":"","resultado":"","texto_original":"http://sapl.montenegro.rs.leg.br/media/sapl/public/materialegislativa/2021/15482/req_188.pdf","data_ultima_atualizacao":"2021-11-26T09:53:01.679684-03:00","ip":"201.76.124.2","ultima_edicao":"2021-11-04T11:05:30.545569-03:00","tipo":3,"regime_tramitacao":1,"tipo_origem_externa":null,"local_origem_externa":null,"user":39,"anexadas":[],"autores":[50]}