{"id":16912,"__str__":"Indica\u00e7\u00e3o n\u00ba 114 de 2022","link_detail_backend":"/materia/16912","metadata":{},"numero":114,"ano":2022,"numero_protocolo":null,"data_apresentacao":"2022-06-02","tipo_apresentacao":"","data_publicacao":null,"numero_origem_externa":"","ano_origem_externa":null,"data_origem_externa":null,"apelido":"","dias_prazo":null,"data_fim_prazo":null,"em_tramitacao":false,"polemica":false,"objeto":"","complementar":false,"ementa":"Ver possibilidade de homenagear o Sr. Jo\u00e3o Edvino Derlam com um monumento junto \u00e0 pra\u00e7a que leva o seu nome em Campo do Meio.","indexacao":"Indica\u00e7\u00e3o - Possibilidade - Sugest\u00e3o - Viabilidade","observacao":"","resultado":"","texto_original":"http://sapl.montenegro.rs.leg.br/media/sapl/public/materialegislativa/2022/16912/i_0114.pdf","data_ultima_atualizacao":"2022-06-03T15:23:45.271759-03:00","ip":"201.76.124.2","ultima_edicao":"2022-06-02T11:57:09.216363-03:00","tipo":8,"regime_tramitacao":1,"tipo_origem_externa":null,"local_origem_externa":null,"user":49,"anexadas":[],"autores":[63]}