{"id":17088,"__str__":"Requerimento n\u00ba 153 de 2022","link_detail_backend":"/materia/17088","metadata":{},"numero":153,"ano":2022,"numero_protocolo":null,"data_apresentacao":"2022-06-28","tipo_apresentacao":"E","data_publicacao":null,"numero_origem_externa":"","ano_origem_externa":null,"data_origem_externa":null,"apelido":"","dias_prazo":null,"data_fim_prazo":null,"em_tramitacao":false,"polemica":false,"objeto":"Licen\u00e7a","complementar":false,"ementa":"Requer licen\u00e7a para tratar de assuntos de interesse particular dos dias 07 ao 22 de julho.","indexacao":"licen\u00e7a - vagas","observacao":"","resultado":"","texto_original":"http://sapl.montenegro.rs.leg.br/media/sapl/public/materialegislativa/2022/17088/req_0153.pdf","data_ultima_atualizacao":"2022-07-08T09:52:12.467134-03:00","ip":"201.76.124.2","ultima_edicao":"2022-06-28T08:20:40.999156-03:00","tipo":3,"regime_tramitacao":1,"tipo_origem_externa":null,"local_origem_externa":null,"user":39,"anexadas":[17095],"autores":[58]}