{"id":17976,"__str__":"Requerimento n\u00ba 330 de 2022","link_detail_backend":"/materia/17976","metadata":{},"numero":330,"ano":2022,"numero_protocolo":null,"data_apresentacao":"2022-12-01","tipo_apresentacao":"E","data_publicacao":null,"numero_origem_externa":"","ano_origem_externa":null,"data_origem_externa":null,"apelido":"","dias_prazo":null,"data_fim_prazo":null,"em_tramitacao":true,"polemica":false,"objeto":"Inclus\u00e3o na Ordem do Dia","complementar":false,"ementa":"Requer inclus\u00e3o na Ordem do Dia da Sess\u00e3o Ordin\u00e1ria de 01.12.2022 do Projeto de Lei n.\u00ba 110/2022, de iniciativa do Prefeito Municipal, que autoriza o Executivo Municipal a contratar, tempor\u00e1ria e administrativamente, 10 (dez) Agentes Comunit\u00e1rios de Sa\u00fade para a ESF e PACS.","indexacao":"","observacao":"","resultado":"","texto_original":null,"data_ultima_atualizacao":"2022-12-02T11:09:24.466554-03:00","ip":"201.76.124.2","ultima_edicao":"2022-12-01T17:24:15.076450-03:00","tipo":3,"regime_tramitacao":2,"tipo_origem_externa":null,"local_origem_externa":null,"user":39,"anexadas":[],"autores":[49]}