{"id":18344,"__str__":"Projeto de Lei (Legislativo) n\u00ba 6 de 2023","link_detail_backend":"/materia/18344","metadata":{},"numero":6,"ano":2023,"numero_protocolo":null,"data_apresentacao":"2023-02-23","tipo_apresentacao":"E","data_publicacao":null,"numero_origem_externa":"","ano_origem_externa":null,"data_origem_externa":null,"apelido":"","dias_prazo":null,"data_fim_prazo":null,"em_tramitacao":false,"polemica":false,"objeto":"Denomina\u00e7\u00e3o de Pr\u00f3prios","complementar":false,"ementa":"Denomina de EMEI Professora \u00c1urea Marize dos Santos Noval a Escola Municipal de Educa\u00e7\u00e3o Infantil do Bairro Centen\u00e1rio.","indexacao":"educand\u00e1rios - denomina\u00e7\u00e3o de pr\u00f3prios - escolas municipais - educa\u00e7\u00e3o infantil","observacao":"","resultado":"","texto_original":"http://sapl.montenegro.rs.leg.br/media/sapl/public/materialegislativa/2023/18344/pl_06-2023_-_emei_centenario.pdf","data_ultima_atualizacao":"2023-03-15T08:54:02.533095-03:00","ip":"201.76.124.2","ultima_edicao":"2023-02-23T13:40:27.840176-03:00","tipo":1,"regime_tramitacao":1,"tipo_origem_externa":null,"local_origem_externa":null,"user":39,"anexadas":[],"autores":[2,79,65,47,58,49]}