{"id":18455,"__str__":"Projeto de Lei (Executivo) n\u00ba 29 de 2023","link_detail_backend":"/materia/18455","metadata":{},"numero":29,"ano":2023,"numero_protocolo":null,"data_apresentacao":"2023-03-09","tipo_apresentacao":"E","data_publicacao":null,"numero_origem_externa":"","ano_origem_externa":null,"data_origem_externa":null,"apelido":"","dias_prazo":null,"data_fim_prazo":null,"em_tramitacao":false,"polemica":false,"objeto":"Concilia\u00e7\u00e3o","complementar":false,"ementa":"Institui a Central de Concilia\u00e7\u00e3o e d\u00e1 outras provid\u00eancias.","indexacao":"Central de Concilia\u00e7\u00e3o - media\u00e7\u00e3o - controv\u00e9rsias administrativas ou judiciais","observacao":"","resultado":"","texto_original":"http://sapl.montenegro.rs.leg.br/media/sapl/public/materialegislativa/2023/18455/202329-_09-03_of_30_pgm_central_de_conciliacao_pl_e_mensagem_1.pdf","data_ultima_atualizacao":"2023-04-06T11:02:25.737546-03:00","ip":"201.159.54.186","ultima_edicao":"2023-03-09T13:43:44.316575-03:00","tipo":12,"regime_tramitacao":1,"tipo_origem_externa":null,"local_origem_externa":null,"user":39,"anexadas":[],"autores":[1]}