{"id":19159,"__str__":"Projeto de Lei (Legislativo) n\u00ba 22 de 2023","link_detail_backend":"/materia/19159","metadata":{},"numero":22,"ano":2023,"numero_protocolo":null,"data_apresentacao":"2023-06-15","tipo_apresentacao":"E","data_publicacao":null,"numero_origem_externa":"","ano_origem_externa":null,"data_origem_externa":null,"apelido":"","dias_prazo":null,"data_fim_prazo":null,"em_tramitacao":false,"polemica":false,"objeto":"Semanas Municipais","complementar":false,"ementa":"Cria a Semana Municipal de Estudos da Constitui\u00e7\u00e3o Federal de 1988.","indexacao":"semanas municipais - constitui\u00e7\u00e3o federal","observacao":"","resultado":"","texto_original":"http://sapl.montenegro.rs.leg.br/media/sapl/public/materialegislativa/2023/19159/projeto_de_lei_-_semana_municipal_da_cf_assinado.pdf","data_ultima_atualizacao":"2023-09-14T10:52:35.217777-03:00","ip":"201.159.54.186","ultima_edicao":"2023-06-15T09:11:05.059823-03:00","tipo":1,"regime_tramitacao":1,"tipo_origem_externa":null,"local_origem_externa":null,"user":39,"anexadas":[],"autores":[36]}