{"id":19252,"__str__":"Projeto de Lei (Executivo) n\u00ba 78 de 2023","link_detail_backend":"/materia/19252","metadata":{},"numero":78,"ano":2023,"numero_protocolo":null,"data_apresentacao":"2023-06-22","tipo_apresentacao":"E","data_publicacao":null,"numero_origem_externa":"","ano_origem_externa":null,"data_origem_externa":null,"apelido":"","dias_prazo":null,"data_fim_prazo":null,"em_tramitacao":false,"polemica":false,"objeto":"Programas Municipais","complementar":false,"ementa":"Institui o Programa Recome\u00e7ar que prev\u00ea a concess\u00e3o de aux\u00edlio financeiro tempor\u00e1rio \u00e0 popula\u00e7\u00e3o atingida pela situa\u00e7\u00e3o de emerg\u00eancia, que atendam os crit\u00e9rios de pobreza e vulnerabilidade social e inclui a\u00e7\u00e3o nas Metas e Prioridades do PPA 2022/2025, na LDO 2023 e abertura de Cr\u00e9dito Especial no valor de R$ 600.000,00.","indexacao":"Programa Recome\u00e7ar - Aux\u00edlio emergencial - transfer\u00eancia de renda - Cr\u00e9dito Especial - cheias do Rio Ca\u00ed","observacao":"","resultado":"","texto_original":"http://sapl.montenegro.rs.leg.br/media/sapl/public/materialegislativa/2023/19252/202378_22-06_of_86_smhad_programa_recomecar_mensagem_e_pl_assinados_1.pdf","data_ultima_atualizacao":"2023-07-04T08:45:08.533026-03:00","ip":"201.159.54.186","ultima_edicao":"2023-06-22T18:20:49.778611-03:00","tipo":12,"regime_tramitacao":1,"tipo_origem_externa":null,"local_origem_externa":null,"user":39,"anexadas":[19253],"autores":[1]}