{"id":3673,"__str__":"Pedido de Informa\u00e7\u00e3o n\u00ba 115 de 2015","link_detail_backend":"/materia/3673","metadata":{},"numero":115,"ano":2015,"numero_protocolo":null,"data_apresentacao":"2015-06-03","tipo_apresentacao":"","data_publicacao":null,"numero_origem_externa":"","ano_origem_externa":null,"data_origem_externa":null,"apelido":"","dias_prazo":null,"data_fim_prazo":null,"em_tramitacao":false,"polemica":null,"objeto":"","complementar":null,"ementa":"TENDO EM VISTA QUE O VE\u00cdCULO OFICIAL DE PLACAS IKV-8153 FOI VISTO NO DIA 02.06.15 TRANSITANDO PELO CENTRO DA CIDADE: QUEM ERA O MOTORISTA NESTA DATA? QUAL O MOTIVO DA SA\u00cdDA? QUEM O VE\u00cdCULO LEVOU?","indexacao":"VE\u00cdCULOS OFICIAIS ","observacao":"","resultado":"","texto_original":"http://sapl.montenegro.rs.leg.br/media/sapl/public/materialegislativa/2015/3673/3673_texto_integral.pdf","data_ultima_atualizacao":"2018-08-20T14:05:29.157054-03:00","ip":"","ultima_edicao":null,"tipo":10,"regime_tramitacao":1,"tipo_origem_externa":null,"local_origem_externa":null,"user":null,"anexadas":[],"autores":[16]}