{"id":4780,"__str__":"Pedido de Informa\u00e7\u00e3o n\u00ba 280 de 2015","link_detail_backend":"/materia/4780","metadata":{},"numero":280,"ano":2015,"numero_protocolo":null,"data_apresentacao":"2015-12-22","tipo_apresentacao":"","data_publicacao":null,"numero_origem_externa":"","ano_origem_externa":null,"data_origem_externa":null,"apelido":"","dias_prazo":null,"data_fim_prazo":null,"em_tramitacao":false,"polemica":null,"objeto":"","complementar":null,"ementa":"TENDO EM VISTA A RESPOSTA AO PEDIDO DE INFORMA\u00c7\u00c3O N\u00ba 124/2015, ONDE FOI RESPONDIDO QUE A OBRA RELATIVA A ILUMINA\u00c7\u00c3O P\u00daBLICA NA ESTRADA RUA ATA\u00cdDE PEREIRA DE VARGAS - TANGAR\u00c1 DEPENDIA DA LIBERA\u00c7\u00c3O DA AES SUL, PERGUNTO: J\u00c1 RECEBERAM O RESULTADO DA AVALIA\u00c7\u00c3O DA DISTRIBUIDORA? A OBRA J\u00c1 INICIOU?\r\n","indexacao":"INTERIOR - LUZ - ENERGIA - ILUMINA\u00c7\u00c3O","observacao":"","resultado":"","texto_original":"http://sapl.montenegro.rs.leg.br/media/sapl/public/materialegislativa/2015/4780/4780_texto_integral.pdf","data_ultima_atualizacao":"2018-08-20T14:05:24.502754-03:00","ip":"","ultima_edicao":null,"tipo":10,"regime_tramitacao":1,"tipo_origem_externa":null,"local_origem_externa":null,"user":null,"anexadas":[],"autores":[4]}