{"id":5013,"__str__":"Pedido de Informa\u00e7\u00e3o n\u00ba 38 de 2016","link_detail_backend":"/materia/5013","metadata":{},"numero":38,"ano":2016,"numero_protocolo":null,"data_apresentacao":"2016-02-23","tipo_apresentacao":"","data_publicacao":null,"numero_origem_externa":"","ano_origem_externa":null,"data_origem_externa":null,"apelido":"","dias_prazo":null,"data_fim_prazo":null,"em_tramitacao":false,"polemica":null,"objeto":"","complementar":null,"ementa":"EM SETEMBRO DE 2014 APRESENTAMOS EMENDA A LDO 2015 PARA QUE FOSSE REALIZADO O CAPEAMENTO ASF\u00c1LTICO DA RUA ESP\u00cdRITO SANTO, AT\u00c9 A CRECHE TIO RIBA, E RUA OLAVO BILAC, AT\u00c9 A RUA ESP\u00cdRITO SANTO. PERGUNTO: PORQUE AINDA N\u00c3O FOI REALIZADO? A ADMINISTRA\u00c7\u00c3O MUNICIPAL PRETENDE REALIZAR? SE PRETENDE REALIZAR, QUANDO DEVE COME\u00c7AR OS TRABALHOS?","indexacao":"CAPEAMENTO, RUA, CRECHE, SERVIDORES, BAIRRO.","observacao":"","resultado":"","texto_original":"http://sapl.montenegro.rs.leg.br/media/sapl/public/materialegislativa/2016/5013/5013_texto_integral.pdf","data_ultima_atualizacao":"2018-08-20T14:05:26.954428-03:00","ip":"","ultima_edicao":null,"tipo":10,"regime_tramitacao":1,"tipo_origem_externa":null,"local_origem_externa":null,"user":null,"anexadas":[],"autores":[17]}