{"id":8281,"__str__":"Projeto de Lei Complementar (Executivo) n\u00ba 8 de 2018","link_detail_backend":"/materia/8281","metadata":{},"numero":8,"ano":2018,"numero_protocolo":null,"data_apresentacao":"2018-02-22","tipo_apresentacao":"E","data_publicacao":null,"numero_origem_externa":"","ano_origem_externa":null,"data_origem_externa":null,"apelido":"","dias_prazo":null,"data_fim_prazo":null,"em_tramitacao":false,"polemica":false,"objeto":"CONTRATA\u00c7\u00c3O TEMPOR\u00c1RIA","complementar":true,"ementa":"AUTORIZA O EXECUTIVO MUNICIPAL A CONTRATAR, TEMPOR\u00c1RIA E ADMINISTRATIVAMENTE, 02 (DOIS) ENFERMEIROS.","indexacao":"SECRETARIA MUNICIPAL DE SA\u00daDE - LICEN\u00c7A MATERNIDADE - UBS CENTRAL - ESF ESPERAN\u00c7A - CONTRATA\u00c7\u00c3O TEMPOR\u00c1RIA","observacao":"","resultado":"","texto_original":"http://sapl.montenegro.rs.leg.br/media/sapl/public/materialegislativa/2018/8281/8281_texto_integral.pdf","data_ultima_atualizacao":"2018-08-20T14:05:23.998286-03:00","ip":"","ultima_edicao":null,"tipo":18,"regime_tramitacao":1,"tipo_origem_externa":null,"local_origem_externa":null,"user":null,"anexadas":[],"autores":[1]}