{"id":9689,"__str__":"Projeto de Lei (Executivo) n\u00ba 92 de 2018","link_detail_backend":"/materia/9689","metadata":{},"numero":92,"ano":2018,"numero_protocolo":null,"data_apresentacao":"2018-10-11","tipo_apresentacao":"E","data_publicacao":"2018-10-11","numero_origem_externa":"","ano_origem_externa":null,"data_origem_externa":null,"apelido":"","dias_prazo":null,"data_fim_prazo":null,"em_tramitacao":false,"polemica":null,"objeto":"SERVI\u00c7O DE VERIFICA\u00c7\u00c3O DE \u00d3BITO","complementar":null,"ementa":"Fica institu\u00eddo o Servi\u00e7o de Verifica\u00e7\u00e3o de \u00d3bito para emiss\u00e3o de Atestado de \u00d3bito por Profissional M\u00e9dico do Servi\u00e7o Municipal de Sa\u00fade nos casos em que o \u00f3bito ocorrer em resid\u00eancia sem m\u00e9dico assistente.","indexacao":"m\u00e9dicos - plano de carreira - enterro - Cart\u00f3rio de Registro Civil - Instituto M\u00e9dico Legal","observacao":"","resultado":"","texto_original":"http://sapl.montenegro.rs.leg.br/media/sapl/public/materialegislativa/2018/9689/plex_092-18.pdf","data_ultima_atualizacao":"2018-11-05T14:19:44.425119-02:00","ip":"","ultima_edicao":null,"tipo":12,"regime_tramitacao":1,"tipo_origem_externa":null,"local_origem_externa":null,"user":null,"anexadas":[],"autores":[1]}