{"id":45092,"__str__":"Indica\u00e7\u00e3o n\u00ba 25 de 2019 | Arquivada | 10/05/2019","link_detail_backend":"/materia/tramitacao/45092","metadata":{},"timestamp":"2019-05-10T08:19:04.795608-03:00","data_tramitacao":"2019-05-10","data_encaminhamento":null,"urgente":false,"turno":"","texto":"Ap\u00f3s remeter \u00e0 considera\u00e7\u00e3o do Prefeito Municipal, arquivada.","data_fim_prazo":null,"ip":"","ultima_edicao":null,"status":14,"materia":10920,"unidade_tramitacao_local":6,"unidade_tramitacao_destino":9,"user":null}