{"id":60929,"__str__":"Requerimento n\u00ba 143 de 2021 | Proposi\u00e7\u00e3o inclusa na Ordem do Dia | 01/09/2021","link_detail_backend":"/materia/tramitacao/60929","metadata":{},"timestamp":"2021-09-01T09:05:48.569179-03:00","data_tramitacao":"2021-09-01","data_encaminhamento":"2021-09-01","urgente":false,"turno":"","texto":"Inclu\u00eddo na pauta da Ordem do Dia da Sess\u00e3o Ordin\u00e1ria de 02.09.2021, em conformidade ao art. 19, inciso I, al\u00ednea \"f\", do Regimento Interno.","data_fim_prazo":null,"ip":"201.76.124.2","ultima_edicao":"2021-09-01T09:05:47.871170-03:00","status":3,"materia":15091,"unidade_tramitacao_local":1,"unidade_tramitacao_destino":4,"user":39}