{"id":74486,"__str__":"Projeto de Lei Complementar (Executivo) n\u00ba 25 de 2023 | Em tramita\u00e7\u00e3o | 10/03/2023","link_detail_backend":"/materia/tramitacao/74486","metadata":{},"timestamp":"2023-03-10T15:15:57.587331-03:00","data_tramitacao":"2023-03-10","data_encaminhamento":"2023-03-10","urgente":false,"turno":"","texto":"Parecer opina que o Executivo Municipal deva ser intimado a trazer aos autos do presente Projeto de Lei Complementar o Anexo I, que estabelece as atribui\u00e7\u00f5es do cargo e demais requisitos para a contempla\u00e7\u00e3o, de forma completa, haja vista que a c\u00f3pia colacionada aos autos n\u00e3o demonstra de forma clara as caracter\u00edsticas e requisitos m\u00ednimos para a ocupa\u00e7\u00e3o do cargo.","data_fim_prazo":null,"ip":"201.159.54.186","ultima_edicao":"2023-03-10T15:26:13.977524-03:00","status":59,"materia":18409,"unidade_tramitacao_local":7,"unidade_tramitacao_destino":1,"user":39}